{"id":714,"date":"2024-11-27T07:48:46","date_gmt":"2024-11-27T06:48:46","guid":{"rendered":"https:\/\/smlwchelmza.pl\/?p=714"},"modified":"2024-11-27T07:48:46","modified_gmt":"2024-11-27T06:48:46","slug":"informacja-6","status":"publish","type":"post","link":"https:\/\/smlwchelmza.pl\/?p=714","title":{"rendered":"Informacja"},"content":{"rendered":"\n<figure class=\"wp-block-image aligncenter size-large is-resized\"><img loading=\"lazy\" decoding=\"async\" width=\"1024\" height=\"994\" src=\"https:\/\/smlwchelmza.pl\/wp-content\/uploads\/2024\/11\/Zdjecie-WhatsApp-2024-11-27-o-07.29.54_233657a2-1024x994.jpg\" alt=\"\" class=\"wp-image-715\" style=\"width:388px;height:auto\" srcset=\"https:\/\/smlwchelmza.pl\/wp-content\/uploads\/2024\/11\/Zdjecie-WhatsApp-2024-11-27-o-07.29.54_233657a2-1024x994.jpg 1024w, https:\/\/smlwchelmza.pl\/wp-content\/uploads\/2024\/11\/Zdjecie-WhatsApp-2024-11-27-o-07.29.54_233657a2-300x291.jpg 300w, https:\/\/smlwchelmza.pl\/wp-content\/uploads\/2024\/11\/Zdjecie-WhatsApp-2024-11-27-o-07.29.54_233657a2-768x745.jpg 768w, https:\/\/smlwchelmza.pl\/wp-content\/uploads\/2024\/11\/Zdjecie-WhatsApp-2024-11-27-o-07.29.54_233657a2.jpg 1079w\" sizes=\"auto, (max-width: 1024px) 100vw, 1024px\" \/><\/figure>\n\n\n\n<p>Zarz\u0105d Sp\u00f3\u0142dzielni w osobie Pana Jacka Ka\u0142amarskiego oraz Pana Rafa\u0142a Gawro\u0144skiego w dniu 25.10.2024r. uczestniczyli w uroczysto\u015bciach 30-lecia dzia\u0142alno\u015bci Mi\u0119dzyszkolnego Klubu Sportowego w Che\u0142m\u017cy. Zosta\u0142y wr\u0119czone gratulacje.<\/p>\n\n\n\n<p><br>Na r\u0119ce Zarz\u0105du Sp\u00f3\u0142dzielni wp\u0142yn\u0119\u0142y podzi\u0119kowania dla Prezesa Zarz\u0105du Sp\u00f3\u0142dzielni Pana Bogus\u0142awa Cichockiego, otrzyma\u0142 on r\u00f3wnie\u017c tytu\u0142 Honorowego Cz\u0142onka Klubu MKS Che\u0142m\u017ca.<\/p>\n\n\n\n<figure class=\"wp-block-image aligncenter size-large is-resized\"><img loading=\"lazy\" decoding=\"async\" width=\"768\" height=\"1024\" src=\"https:\/\/smlwchelmza.pl\/wp-content\/uploads\/2024\/11\/Zdjecie-WhatsApp-2024-11-27-o-07.30.37_958d2817-768x1024.jpg\" alt=\"\" class=\"wp-image-716\" style=\"width:485px;height:auto\" srcset=\"https:\/\/smlwchelmza.pl\/wp-content\/uploads\/2024\/11\/Zdjecie-WhatsApp-2024-11-27-o-07.30.37_958d2817-768x1024.jpg 768w, https:\/\/smlwchelmza.pl\/wp-content\/uploads\/2024\/11\/Zdjecie-WhatsApp-2024-11-27-o-07.30.37_958d2817-225x300.jpg 225w, https:\/\/smlwchelmza.pl\/wp-content\/uploads\/2024\/11\/Zdjecie-WhatsApp-2024-11-27-o-07.30.37_958d2817-1152x1536.jpg 1152w, https:\/\/smlwchelmza.pl\/wp-content\/uploads\/2024\/11\/Zdjecie-WhatsApp-2024-11-27-o-07.30.37_958d2817.jpg 1200w\" sizes=\"auto, (max-width: 768px) 100vw, 768px\" \/><\/figure>\n","protected":false},"excerpt":{"rendered":"<p>Zarz\u0105d Sp\u00f3\u0142dzielni w osobie Pana Jacka Ka\u0142amarskiego oraz Pana Rafa\u0142a Gawro\u0144skiego w dniu 25.10.2024r. uczestniczyli w uroczysto\u015bciach 30-lecia dzia\u0142alno\u015bci Mi\u0119dzyszkolnego Klubu Sportowego w Che\u0142m\u017cy. Zosta\u0142y wr\u0119czone gratulacje. Na r\u0119ce Zarz\u0105du Sp\u00f3\u0142dzielni wp\u0142yn\u0119\u0142y podzi\u0119kowania dla Prezesa Zarz\u0105du Sp\u00f3\u0142dzielni Pana Bogus\u0142awa Cichockiego, otrzyma\u0142 on r\u00f3wnie\u017c tytu\u0142 Honorowego Cz\u0142onka Klubu MKS Che\u0142m\u017ca.<\/p>\n","protected":false},"author":1,"featured_media":0,"comment_status":"closed","ping_status":"","sticky":false,"template":"","format":"standard","meta":{"footnotes":""},"categories":[1],"tags":[],"class_list":["post-714","post","type-post","status-publish","format-standard","hentry","category-bez-kategorii"],"_links":{"self":[{"href":"https:\/\/smlwchelmza.pl\/index.php?rest_route=\/wp\/v2\/posts\/714","targetHints":{"allow":["GET"]}}],"collection":[{"href":"https:\/\/smlwchelmza.pl\/index.php?rest_route=\/wp\/v2\/posts"}],"about":[{"href":"https:\/\/smlwchelmza.pl\/index.php?rest_route=\/wp\/v2\/types\/post"}],"author":[{"embeddable":true,"href":"https:\/\/smlwchelmza.pl\/index.php?rest_route=\/wp\/v2\/users\/1"}],"replies":[{"embeddable":true,"href":"https:\/\/smlwchelmza.pl\/index.php?rest_route=%2Fwp%2Fv2%2Fcomments&post=714"}],"version-history":[{"count":1,"href":"https:\/\/smlwchelmza.pl\/index.php?rest_route=\/wp\/v2\/posts\/714\/revisions"}],"predecessor-version":[{"id":717,"href":"https:\/\/smlwchelmza.pl\/index.php?rest_route=\/wp\/v2\/posts\/714\/revisions\/717"}],"wp:attachment":[{"href":"https:\/\/smlwchelmza.pl\/index.php?rest_route=%2Fwp%2Fv2%2Fmedia&parent=714"}],"wp:term":[{"taxonomy":"category","embeddable":true,"href":"https:\/\/smlwchelmza.pl\/index.php?rest_route=%2Fwp%2Fv2%2Fcategories&post=714"},{"taxonomy":"post_tag","embeddable":true,"href":"https:\/\/smlwchelmza.pl\/index.php?rest_route=%2Fwp%2Fv2%2Ftags&post=714"}],"curies":[{"name":"wp","href":"https:\/\/api.w.org\/{rel}","templated":true}]}}