{"id":626,"date":"2024-05-13T08:27:44","date_gmt":"2024-05-13T06:27:44","guid":{"rendered":"https:\/\/smlwchelmza.pl\/?p=626"},"modified":"2024-05-13T08:27:44","modified_gmt":"2024-05-13T06:27:44","slug":"ogloszenie","status":"publish","type":"post","link":"https:\/\/smlwchelmza.pl\/?p=626","title":{"rendered":"Og\u0142oszenie!"},"content":{"rendered":"\n<p><strong>ZAWIADOMIENIE<\/strong><\/p>\n\n\n\n<p>Zarz\u0105d Sp\u00f3\u0142dzielni Mieszkaniowej Lokatorsko-W\u0142asno\u015bciowej w Che\u0142m\u017cy informuje, i\u017c Walne Zgromadzenie\u00a0 Cz\u0142onk\u00f3w Sp\u00f3\u0142dzielni odb\u0119dzie si\u0119\u00a0 dnia <strong>10.06.2024r.\u00a0 o\u00a0 godz.<\/strong> <strong>17<sup>00<\/sup><\/strong> w Che\u0142m\u017cy\u0144skim O\u015brodku Kultury w Che\u0142m\u017cy przy ul. Bydgoskiej 7.<\/p>\n\n\n\n<p><strong>Porz\u0105dek obrad:<\/strong><\/p>\n\n\n\n<p>1. Otwarcie obrad.<\/p>\n\n\n\n<p>2. Wyb\u00f3r Prezydium Walnego Zgromadzenia.<\/p>\n\n\n\n<p>3. Odczytanie&nbsp; listy&nbsp; pe\u0142nomocnictw.<\/p>\n\n\n\n<p>4. Przyj\u0119cie&nbsp; porz\u0105dku&nbsp; obrad.<\/p>\n\n\n\n<p>5. Wyb\u00f3r komisji:<\/p>\n\n\n\n<ol class=\"wp-block-list\" style=\"list-style-type:lower-alpha\">\n<li>mandatowo-skrutacyjnej,\n<ol class=\"wp-block-list\">\n<li>\u00a0wnioskowej.<\/li>\n<\/ol>\n<\/li>\n<\/ol>\n\n\n\n<p>6. Stwierdzenie prawomocno\u015bci obrad.<\/p>\n\n\n\n<p>7. Sprawozdanie z dzia\u0142alno\u015bci Zarz\u0105du Sp\u00f3\u0142dzielni za 2023 rok wraz z informacj\u0105&nbsp; Zarz\u0105du w zakresie wykonania wniosk\u00f3w&nbsp; zg\u0142oszonych podczas Walnego Zgromadzenia w dniu 21.06.2023r..<\/p>\n\n\n\n<p>8. Dyskusja nad sprawozdaniem Zarz\u0105du.<\/p>\n\n\n\n<p>9. Podj\u0119cie uchwa\u0142y w przedmiocie przyj\u0119cia sprawozdania Zarz\u0105du Sp\u00f3\u0142dzielni.<\/p>\n\n\n\n<p>10. Sprawozdanie finansowo-ksi\u0119gowe za 2023 rok.<\/p>\n\n\n\n<p>11. Dyskusja nad sprawozdaniem finansowo-ksi\u0119gowym.<\/p>\n\n\n\n<p>12. Podj\u0119cie uchwa\u0142y w przedmiocie zatwierdzenia sprawozdania finansowo-ksi\u0119gowego oraz podzia\u0142u nadwy\u017cki bilansowej. Sp\u00f3\u0142dzielni Mieszkaniowej Lokatorsko-W\u0142asno\u015bciowej w Che\u0142m\u017cy za rok 2023.<\/p>\n\n\n\n<p>13. Sprawozdanie z dzia\u0142alno\u015bci Rady Nadzorczej&nbsp; za 2023 rok.<\/p>\n\n\n\n<p>14. Dyskusja nad sprawozdaniem Rady Nadzorczej.<\/p>\n\n\n\n<p>15. Podj\u0119cie uchwa\u0142y w sprawie przyj\u0119cia&nbsp; sprawozdania Rady Nadzorczej.<\/p>\n\n\n\n<p>16. Podj\u0119cie uchwa\u0142y w&nbsp; przedmiocie udzielenia absolutorium Prezesowi Zarz\u0105du.<\/p>\n\n\n\n<p>17. Podj\u0119cie uchwa\u0142y w przedmiocie udzielenia absolutorium Z-cy Prezesa Zarz\u0105du.<\/p>\n\n\n\n<p>18. Podj\u0119cie uchwa\u0142y w przedmiocie udzielenia absolutorium Cz\u0142onkowi Zarz\u0105du.<\/p>\n\n\n\n<p>19. Wolne wnioski.<\/p>\n\n\n\n<p>20. Odczytanie protoko\u0142u komisji wnioskowej.<\/p>\n\n\n\n<p>21. Zako\u0144czenie.<\/p>\n\n\n\n<p>Wszystkie sprawozdania i projekty uchwa\u0142 b\u0119d\u0105ce przedmiotem obrad Walnego Zgromadzenia zostan\u0105&nbsp; wy\u0142o\u017cone w siedzibie Sp\u00f3\u0142dzielni&nbsp; w Che\u0142m\u017cy&nbsp; przy ul. P. Skargi 17 na 14 dni przed terminem Walnego.<sup>. <\/sup>Cz\u0142onkowie maj\u0105 prawo do zapoznania si\u0119&nbsp; z tymi dokumentami.<\/p>\n\n\n\n<p>Ponadto, Cz\u0142onkowie maj\u0105 prawo zg\u0142asza\u0107 projekty uchwa\u0142 i \u017c\u0105dania, o kt\u00f3rych mowa w paragrafie 83 ust. 5 Statutu Sp\u00f3\u0142dzielni,&nbsp; w terminie do 15 dni przed terminem Walnego Zgromadzenia. Projekt uchwa\u0142y zg\u0142aszanej przez cz\u0142onk\u00f3w musi by\u0107 poparty przez co najmniej 10 cz\u0142onk\u00f3w.<\/p>\n\n\n\n<p>Lista obecno\u015bci sporz\u0105dzona b\u0119dzie nieruchomo\u015bciami wg numeracji mieszka\u0144, a mandaty b\u0119d\u0105 wydawane po podpisaniu listy.<br>Prosimy o zabranie dowod\u00f3w to\u017csamo\u015bci.<\/p>\n","protected":false},"excerpt":{"rendered":"<p>ZAWIADOMIENIE Zarz\u0105d Sp\u00f3\u0142dzielni Mieszkaniowej Lokatorsko-W\u0142asno\u015bciowej w Che\u0142m\u017cy informuje, i\u017c Walne Zgromadzenie\u00a0 Cz\u0142onk\u00f3w Sp\u00f3\u0142dzielni odb\u0119dzie si\u0119\u00a0 dnia 10.06.2024r.\u00a0 o\u00a0 godz. 1700 w Che\u0142m\u017cy\u0144skim O\u015brodku Kultury w Che\u0142m\u017cy przy ul. Bydgoskiej 7. Porz\u0105dek obrad: 1. Otwarcie obrad. 2. Wyb\u00f3r Prezydium Walnego Zgromadzenia. 3. Odczytanie&nbsp; listy&nbsp; pe\u0142nomocnictw. 4. Przyj\u0119cie&nbsp; porz\u0105dku&nbsp; obrad. 5. Wyb\u00f3r komisji: 6. Stwierdzenie prawomocno\u015bci obrad. [&hellip;]<\/p>\n","protected":false},"author":1,"featured_media":0,"comment_status":"closed","ping_status":"","sticky":false,"template":"","format":"standard","meta":{"footnotes":""},"categories":[1],"tags":[],"class_list":["post-626","post","type-post","status-publish","format-standard","hentry","category-bez-kategorii"],"_links":{"self":[{"href":"https:\/\/smlwchelmza.pl\/index.php?rest_route=\/wp\/v2\/posts\/626","targetHints":{"allow":["GET"]}}],"collection":[{"href":"https:\/\/smlwchelmza.pl\/index.php?rest_route=\/wp\/v2\/posts"}],"about":[{"href":"https:\/\/smlwchelmza.pl\/index.php?rest_route=\/wp\/v2\/types\/post"}],"author":[{"embeddable":true,"href":"https:\/\/smlwchelmza.pl\/index.php?rest_route=\/wp\/v2\/users\/1"}],"replies":[{"embeddable":true,"href":"https:\/\/smlwchelmza.pl\/index.php?rest_route=%2Fwp%2Fv2%2Fcomments&post=626"}],"version-history":[{"count":1,"href":"https:\/\/smlwchelmza.pl\/index.php?rest_route=\/wp\/v2\/posts\/626\/revisions"}],"predecessor-version":[{"id":627,"href":"https:\/\/smlwchelmza.pl\/index.php?rest_route=\/wp\/v2\/posts\/626\/revisions\/627"}],"wp:attachment":[{"href":"https:\/\/smlwchelmza.pl\/index.php?rest_route=%2Fwp%2Fv2%2Fmedia&parent=626"}],"wp:term":[{"taxonomy":"category","embeddable":true,"href":"https:\/\/smlwchelmza.pl\/index.php?rest_route=%2Fwp%2Fv2%2Fcategories&post=626"},{"taxonomy":"post_tag","embeddable":true,"href":"https:\/\/smlwchelmza.pl\/index.php?rest_route=%2Fwp%2Fv2%2Ftags&post=626"}],"curies":[{"name":"wp","href":"https:\/\/api.w.org\/{rel}","templated":true}]}}