{"id":424,"date":"2024-05-10T17:31:45","date_gmt":"2024-05-10T15:31:45","guid":{"rendered":"https:\/\/smlwchelmza.pl\/?p=424"},"modified":"2024-05-10T17:31:45","modified_gmt":"2024-05-10T15:31:45","slug":"klauzula-informacyjna-regulamin-monitoringu-wizyjnego-spoldzielni-mieszkaniowej-lokatorsko-wlasnosciowej-w-chelmzy","status":"publish","type":"post","link":"https:\/\/smlwchelmza.pl\/?p=424","title":{"rendered":"KLAUZULA INFORMACYJNA &#8211; REGULAMIN MONITORINGU WIZYJNEGO SP\u00d3\u0141DZIELNI MIESZKANIOWEJ LOKATORSKO-W\u0141ASNO\u015aCIOWEJ W CHE\u0141M\u017bY"},"content":{"rendered":"\n<p>KLAUZULA INFORMACYJNA &#8211; REGULAMIN MONITORINGU WIZYJNEGO SP\u00d3\u0141DZIELNI MIESZKANIOWEJ LOKATORSKO-W\u0141ASNO\u015aCIOWEJ W CHE\u0141M\u017bY<\/p>\n\n\n\n<p>&nbsp;&nbsp;&nbsp;&nbsp;&nbsp;&nbsp;&nbsp;&nbsp;&nbsp;&nbsp;&nbsp; Zgodnie z&nbsp;art. 13 ust. 1 i&nbsp;2 Rozporz\u0105dzenia Parlamentu Europejskiego i&nbsp;Rady (UE) 2016\/679 z&nbsp;dnia 27 kwietnia 2016 r. w&nbsp;sprawie ochrony os\u00f3b fizycznych w&nbsp;zwi\u0105zku z&nbsp;przetwarzaniem danych osobowych i&nbsp;w sprawie swobodnego przep\u0142ywu takich danych oraz uchylenia dyrektywy 95\/46\/WE (og\u00f3lne rozporz\u0105dzenie o&nbsp;ochronie danych), dalej RODO, informuj\u0119, \u017ce:<br>&nbsp;&nbsp;&nbsp;&nbsp;&nbsp;&nbsp; 1. Administratorem Pani\/Pana danych osobowych w&nbsp;zakresie monitoringu wyzyjnego jest Sp\u00f3\u0142dzielnia Mieszkaniowa Lokatorsko &#8211; W\u0142asno\u015bciowa w&nbsp;Che\u0142m\u017cy, ul. Ksi\u0119dza Piotra Skargi 17<br>&nbsp;&nbsp;&nbsp;&nbsp;&nbsp;&nbsp; 2. Dane osobowe w&nbsp;tym wizerunek os\u00f3b przebywaj\u0105cych na terenie obiekt\u00f3w obj\u0119tym monitoringiem wizyjnym b\u0119d\u0105 przetwarzanie w&nbsp;celu zapewnienia bezpiecze\u0144stwa os\u00f3b&nbsp;&nbsp;&nbsp;&nbsp;&nbsp;&nbsp;&nbsp;&nbsp;&nbsp;&nbsp;&nbsp;&nbsp;&nbsp;&nbsp;&nbsp;&nbsp;&nbsp;&nbsp;&nbsp;&nbsp;&nbsp;&nbsp;&nbsp; i&nbsp;mienia na podstawie art. 6 ust.1 pkt. c RODO,<br>&nbsp;&nbsp;&nbsp;&nbsp;&nbsp;&nbsp; 3. Przebywanie w&nbsp;granicach obszaru obj\u0119tego monitoringiem (wewn\u0105trz i&nbsp;na zewn\u0105trz budynk\u00f3w) wi\u0105\u017ce si\u0119 z&nbsp;mo\u017cliwo\u015bci\u0105&nbsp; rejestracji wizerunku na powy\u017cszych zasadach,<br>&nbsp;&nbsp;&nbsp;&nbsp;&nbsp;&nbsp; 4. Pani\/Pana dane nie b\u0119d\u0105 podlega\u0142y zautomatyzowanemu przetwarzaniu (profilowanie),<br>&nbsp;&nbsp;&nbsp;&nbsp;&nbsp;&nbsp; 5. Zapisy monitoringu b\u0119d\u0105 przechowywane do&nbsp;30 dni i&nbsp;b\u0119d\u0105 udost\u0119pniane jedynie podmiotom uprawnionym na mocy przepis\u00f3w prawa, obs\u0142udze informatycznej,<br>&nbsp;&nbsp;&nbsp;&nbsp;&nbsp;&nbsp; 6. Posiada Pani\/Pan prawo dost\u0119pu do&nbsp;tre\u015bci swoich danych oraz prawo ich sprostowania, usuni\u0119cia, ograniczenia przetwarzania przy uwzgl\u0119dnieniu mo\u017cliwo\u015bci technicznych administratora, prawo do&nbsp;przenoszenia danych, prawo wniesienia sprzeciwu,<br>&nbsp;&nbsp;&nbsp;&nbsp;&nbsp;&nbsp; 7. Ma Pani\/Pan prawo wniesienia skargi do&nbsp;Prezesa Urz\u0119du Ochrony Danych Osobowych, gdy uzna Pani\/Pan, \u017ce przetwarzanie danych osobowych Pani\/Pana dotycz\u0105cych narusza przepisy RODO.<\/p>\n","protected":false},"excerpt":{"rendered":"<p>KLAUZULA INFORMACYJNA &#8211; REGULAMIN MONITORINGU WIZYJNEGO SP\u00d3\u0141DZIELNI MIESZKANIOWEJ LOKATORSKO-W\u0141ASNO\u015aCIOWEJ W CHE\u0141M\u017bY &nbsp;&nbsp;&nbsp;&nbsp;&nbsp;&nbsp;&nbsp;&nbsp;&nbsp;&nbsp;&nbsp; Zgodnie z&nbsp;art. 13 ust. 1 i&nbsp;2 Rozporz\u0105dzenia Parlamentu Europejskiego i&nbsp;Rady (UE) 2016\/679 z&nbsp;dnia 27 kwietnia 2016 r. w&nbsp;sprawie ochrony os\u00f3b fizycznych w&nbsp;zwi\u0105zku z&nbsp;przetwarzaniem danych osobowych i&nbsp;w sprawie swobodnego przep\u0142ywu takich danych oraz uchylenia dyrektywy 95\/46\/WE (og\u00f3lne rozporz\u0105dzenie o&nbsp;ochronie danych), dalej RODO, informuj\u0119, \u017ce:&nbsp;&nbsp;&nbsp;&nbsp;&nbsp;&nbsp; [&hellip;]<\/p>\n","protected":false},"author":1,"featured_media":0,"comment_status":"closed","ping_status":"","sticky":false,"template":"","format":"standard","meta":{"footnotes":""},"categories":[1],"tags":[],"class_list":["post-424","post","type-post","status-publish","format-standard","hentry","category-bez-kategorii"],"_links":{"self":[{"href":"https:\/\/smlwchelmza.pl\/index.php?rest_route=\/wp\/v2\/posts\/424","targetHints":{"allow":["GET"]}}],"collection":[{"href":"https:\/\/smlwchelmza.pl\/index.php?rest_route=\/wp\/v2\/posts"}],"about":[{"href":"https:\/\/smlwchelmza.pl\/index.php?rest_route=\/wp\/v2\/types\/post"}],"author":[{"embeddable":true,"href":"https:\/\/smlwchelmza.pl\/index.php?rest_route=\/wp\/v2\/users\/1"}],"replies":[{"embeddable":true,"href":"https:\/\/smlwchelmza.pl\/index.php?rest_route=%2Fwp%2Fv2%2Fcomments&post=424"}],"version-history":[{"count":1,"href":"https:\/\/smlwchelmza.pl\/index.php?rest_route=\/wp\/v2\/posts\/424\/revisions"}],"predecessor-version":[{"id":428,"href":"https:\/\/smlwchelmza.pl\/index.php?rest_route=\/wp\/v2\/posts\/424\/revisions\/428"}],"wp:attachment":[{"href":"https:\/\/smlwchelmza.pl\/index.php?rest_route=%2Fwp%2Fv2%2Fmedia&parent=424"}],"wp:term":[{"taxonomy":"category","embeddable":true,"href":"https:\/\/smlwchelmza.pl\/index.php?rest_route=%2Fwp%2Fv2%2Fcategories&post=424"},{"taxonomy":"post_tag","embeddable":true,"href":"https:\/\/smlwchelmza.pl\/index.php?rest_route=%2Fwp%2Fv2%2Ftags&post=424"}],"curies":[{"name":"wp","href":"https:\/\/api.w.org\/{rel}","templated":true}]}}